{"id":140230,"date":"2026-08-31T17:31:35","date_gmt":"2026-08-31T17:31:35","guid":{"rendered":"https:\/\/unitehearts.in\/matrimony\/?p=140230"},"modified":"2026-09-01T13:30:46","modified_gmt":"2026-09-01T13:30:46","slug":"vsetky-online-filmy","status":"publish","type":"post","link":"https:\/\/unitehearts.in\/matrimony\/vsetky-online-filmy\/","title":{"rendered":"V\u0161etky  online filmy"},"content":{"rendered":"<p>Dizi; a\u015fk\u0131n yaln\u0131zca iki insan aras\u0131nda de\u011fil, aileler, gelenekler ve ku\u015faklar aras\u0131nda da s\u0131nand\u0131\u011f\u0131n\u0131 s\u0131cak, e\u011flenceli ve duygusal bir dille anlat\u0131yor. Geleneksel aile ba\u011flar\u0131 ile modern hayat\u0131n \u00e7at\u0131\u015fmalar\u0131n\u0131 ve sars\u0131c\u0131 a\u015fk dinamiklerini merkezine alan yap\u0131m, ilk b\u00f6l\u00fcm\u00fcyle birlikte dikkat \u00e7ekmeyi ba\u015far\u0131yor. Son dakika haberine g\u00f6re, \u00c7al\u0131\u015fma ve Sosyal G\u00fcvenlik Bakan\u0131 Vedat Bilgin, bakanl\u0131k taraf\u0131ndan yetkilendirilen i\u015f g\u00fcvenli\u011fi uzmanlar\u0131n\u0131n kademeli olarak a\u015f\u0131 takvimine dahil edildi\u011fini duyurdu. Hurriyet.com.tr yenilenen tasar\u0131m\u0131 ile birlikte d\u00fcn okurlar\u0131n\u0131n kar\u015f\u0131s\u0131na \u00e7\u0131kt\u0131. Bir sonraki haftan\u0131n BAY ge\u00e7ilecek ve Milli araya girilecek olmas\u0131 birlikte ye\u015fil beyazl\u0131lar i\u00e7in bir f\u0131rsat niteli\u011fi ta\u015f\u0131yor.\u201d Gazeteci Eddie Brock\u2019la uzayl\u0131 yarat\u0131\u011f\u0131n, su\u00e7lu bir \u00e7ifte ve yeni bir canavara kar\u015f\u0131 verdi\u011fi m\u00fccadeleyi anlatan filmin ba\u015frollerini Tom Hardy, Woody Harrelson <a href=\"https:\/\/gamdoma.com\/\">gamdom tribuna<\/a> ve Michelle Williams payla\u015f\u0131yor.<\/p>\n<p>Amasya&#8217;da yeni ta\u015f\u0131nd\u0131klar\u0131 3&#8217;\u00fcnc\u00fc kattaki evin hen\u00fcz cam\u0131 tak\u0131lmam\u0131\u015f balkonundan kom\u015fular\u0131n\u0131n e\u015fya ta\u015f\u0131mas\u0131n\u0131 izlerken dengesini kaybedip d\u00fc\u015fen 3 ya\u015f\u0131ndaki M.A.\u00c7., a\u011f\u0131r yaraland\u0131. Antalya ve \u0130stanbul&#8217;da e\u015f zamanl\u0131 olarak operasyonlar d\u00fczenlenirken, soru\u015fturmada Antalya B\u00fcy\u00fck\u015fehir Belediye Ba\u015fkan\u0131 Muhittin B\u00f6cek&#8217;le ilgili \u00e7arp\u0131c\u0131 bir detay yer ald\u0131. 3 bin 809 sayfal\u0131k iddianame kapsam\u0131nda hakim kar\u015f\u0131s\u0131na \u00e7\u0131kan tutuklu san\u0131klar, iddialar\u0131 reddederek tahliye talebinde bulundu. \u0130stanbul B\u00fcy\u00fck\u015fehir Belediyesi&#8217;ne y\u00f6nelik a\u00e7\u0131lan &#8216;yolsuzluk&#8217; davas\u0131nda, aralar\u0131nda g\u00f6revinden uzakla\u015ft\u0131r\u0131lan Ekrem \u0130mamo\u011flu\u2019nun da yer ald\u0131\u011f\u0131 53&#8217;\u00fc tutuklu 414 san\u0131\u011f\u0131n yarg\u0131land\u0131\u011f\u0131 davan\u0131n 73&#8217;\u00fcnc\u00fc duru\u015fmas\u0131 g\u00f6r\u00fcld\u00fc.<\/p>\n<ul>\n<li>Cumhurba\u015fkan\u0131 Recep Tayyip Erdo\u011fan, Bi\u015fkek&#8217;te \u015eanghay \u0130\u015fbirli\u011fi \u00d6rg\u00fct\u00fc Devlet Ba\u015fkanlar\u0131 Zirvesi&#8217;nde a\u00e7\u0131klamalarda bulundu.<\/li>\n<li>Ak\u0131ll\u0131 cep telefonu \u00e7e\u015fitleri 2790 TL ile 5.799 TL aras\u0131nda sat\u0131\u015fa sunulurken ak\u0131ll\u0131 saat 3.199 TL, Kulak i\u00e7i Bluetooth Kulakl\u0131k 799 TL olacak.<\/li>\n<li>Dr. Erol Mutlu, gebelikte y\u00fczmenin anne ve bebek sa\u011fl\u0131\u011f\u0131 a\u00e7\u0131s\u0131ndan en faydal\u0131 egzersizlerden biri oldu\u011funu belirterek, enfeksiyon ve hipotermi riskine kar\u015f\u0131 dikkat edilmesi gereken kurallar\u0131 s\u0131ralad\u0131.<\/li>\n<li>19 Mart s\u00fcrecinde Ekrem \u0130mamo\u011flu\u2019nun tutuklanmas\u0131n\u0131n ard\u0131ndan istibdad cephesi CHP\u2019ye kayy\u0131m atamay\u0131 d\u00fc\u015f\u00fcnm\u00fc\u015ft\u00fc.<\/li>\n<\/ul>\n<p>Ermenistan Ba\u015fbakan\u0131 Nikol Pa\u015finyan, Azerbaycan ve T\u00fcrkiye ile devletleraras\u0131 ileti\u015fim kanallar\u0131n\u0131 a\u00e7mak \u00fczere \u00e7al\u0131\u015ft\u0131klar\u0131n\u0131 s\u00f6yledi. Ta\u015facak Bu Deniz, Uzak \u015eehir, K\u0131z\u0131lc\u0131k \u015eerbeti, AB\u0130 dizisi gibi pop\u00fcler diziler yeni sezonda izleyici kar\u015f\u0131s\u0131na \u00e7\u0131kmaya haz\u0131rlan\u0131yor. May\u0131s ve Haziran aylar\u0131nda ilgiyle takip edilen yap\u0131mlar\u0131 ekranlara k\u0131sa bir mola vererek sezon finaline gitmi\u015fti. Eyl\u00fcl ay\u0131n\u0131n ilk haftas\u0131na girerken ne zaman ba\u015flayacak 2026 izleyiciler taraf\u0131ndan merak ediliyor.<\/p>\n<p>Buharl\u0131 Pi\u015firici 2.999 TL, Air Fryer S\u0131cak Hava Frit\u00f6z\u00fc ise 2.599 TL\u2019den reyonlarda yerini ald\u0131. Oyun konsolundan, ak\u0131ll\u0131 cep telefonuna, televizyondan tablete onlarca farkl\u0131 \u00fcr\u00fcn indirimli olarak raflarda yerini alacak. Narl\u0131dere Belediyesi ve D\u0130SK\/Genel-\u0130\u015f 4 Nolu \u015eube aras\u0131nda s\u00f6zle\u015fme imzaland\u0131 Dr. Erol Mutlu, gebelikte y\u00fczmenin anne ve bebek sa\u011fl\u0131\u011f\u0131 a\u00e7\u0131s\u0131ndan en faydal\u0131  egzersizlerden biri oldu\u011funu belirterek, enfeksiyon ve hipotermi riskine kar\u015f\u0131 dikkat edilmesi gereken kurallar\u0131 s\u0131ralad\u0131. Haftas\u0131nda Amed Sportif Faaliyetler kar\u015f\u0131s\u0131nda sahadan 2-1\u2019lik yenilgiyle ayr\u0131lan Trabzonspor, yeni sezondaki ilk d\u00f6neminde beklentilerin uza\u011f\u0131nda kald\u0131.<\/p>\n<p>Her ne kadar m\u00fczik listelerinde g\u00fcz r\u00fczg\u00e2rlar\u0131 esse de akl\u0131 yaz aylar\u0131nda kalanlar i\u00e7in de enerjik par\u00e7alar yap\u0131lmaya devam ediyor. Ge\u00e7mi\u015fte ve bug\u00fcn yeni yay\u0131mlanan son durum geli\u015fmeleri ile pek \u00e7ok haber sayfam\u0131zdan takip edilebilir. Arkadia Al\u0131\u015fveri\u015f ve \u0130\u015f Merkezi\u2019ni kapsaml\u0131 bir yenileme s\u00fcrecinin ard\u0131ndan yeniden hizmete a\u00e7t\u0131<\/p>\n<h3>T\u00fcretilmi\u015f kavramlar<\/h3>\n<p>Sitemizden en iyi \u015fekilde faydalanabilmeniz i\u00e7in \u00e7erezler kullan\u0131lmaktad\u0131r. Ca\u011f kebab\u0131ndan su b\u00f6re\u011fine, kaday\u0131f dolmas\u0131ndan tatar a\u015f\u0131na uzanan Erzurum mutfa\u011f\u0131 tam not al\u0131rken, \u015fefler kente gelenlere bu e\u015fsiz tatlar\u0131 mutlaka denemeleri \u00e7a\u011fr\u0131s\u0131nda bulundu. &#8220;Gebelik hastal\u0131k de\u011fildir, hijyenik havuz ve denizde g\u00fcvenle y\u00fcz\u00fclebilir&#8221; Kad\u0131n Hastal\u0131klar\u0131 ve Do\u011fum Uzman\u0131 Op.<\/p>\n<h3>D\u0130P Merkez Komitesi A\u00e7\u0131klamas\u0131: NATO\u2019nun uzant\u0131s\u0131 CENTO\u2019nun miras\u00e7\u0131s\u0131 \u00fc\u00e7l\u00fc ittifaka hay\u0131r!<\/h3>\n<p>G\u00fcl, havaliman\u0131nda yapt\u0131\u011f\u0131 a\u00e7\u0131klamada Galatasaray&#8217;a gelmenin \u00e7ocukluk hayali oldu\u011funu belirterek b\u00fcy\u00fck heyecan ya\u015fad\u0131\u011f\u0131n\u0131 s\u00f6yledi. 22 ya\u015f\u0131ndaki golc\u00fc, transfer s\u00fcrecini tamamlamak \u00fczere \u0130stanbul&#8217;a gelirken sar\u0131-k\u0131rm\u0131z\u0131l\u0131 taraftarlar\u0131n yo\u011fun ilgisiyle kar\u015f\u0131la\u015ft\u0131. Galatasaray, Porto formas\u0131 giyen milli futbolcu Deniz G\u00fcl i\u00e7in resmi g\u00f6r\u00fc\u015fmelerin ba\u015flad\u0131\u011f\u0131n\u0131 KAP&#8217;a bildirdi.<\/p>\n<p>#Tuzlu Kahve#\u0130ran#mahinur \u00f6zdemir g\u00f6kta\u015f#Sponsorlu \u0130\u00e7erik#deniz suyu ar\u0131tma#Okul D\u00f6n\u00fc\u015f\u00fc#izmir tarihi#\u0130zmir#Milli E\u011fitim Bakan\u0131 Yusuf Tekin#Deniz G\u00f6kta\u015f Y\u00fcksek\u00f6\u011fretim Kurumlar\u0131 S\u0131nav\u0131 (YKS) yerle\u015ftirme sonu\u00e7lar\u0131na g\u00f6re ilk bine giren adaylar t\u0131p ve m\u00fchendislik b\u00f6l\u00fcmlerini tercih etti. Hayatta kar\u015f\u0131lar\u0131na \u00e7\u0131kan herhangi bir sorun, onlar i\u00e7in d\u00fcnyan\u0131n sonu anlam\u0131na gelir&#8230; Ge\u00e7en senenin sonunda 100 ya\u015f\u0131na basan e\u011flence d\u00fcnyas\u0131n\u0131n \u201cas\u0131rl\u0131k \u00e7\u0131nar\u0131\u201d h\u00e2l\u00e2 korudu\u011fu ya\u015fam enerjisiyle gen\u00e7lere ta\u015f \u00e7\u0131kart\u0131yor ve deyim yerindeyse g\u00f6renleri k\u0131skand\u0131r\u0131yor. Bar\u0131\u015f Din\u00e7el\u2019in y\u00f6netti\u011fi oyunun ba\u015frollerinde G\u00fcnay Karacao\u011flu, Zeynep Kankonde ve B\u00fclent Alk\u0131\u015f yer al\u0131yor.<\/p>\n<p>\u0130stanbul \u00c7atalca\u2019da sahne alan \u015fark\u0131c\u0131, konser boyunca diziden bahsetti. Cumhurba\u015fkan\u0131 Recep Tayyip Erdo\u011fan, Bi\u015fkek&#8217;te \u015eanghay \u0130\u015fbirli\u011fi \u00d6rg\u00fct\u00fc Devlet Ba\u015fkanlar\u0131 Zirvesi&#8217;nde a\u00e7\u0131klamalarda bulundu. \u0130stanbul \u00c7atalca&#8217;da sahne alan \u015fark\u0131c\u0131, konser boyunca diziden bahsetti. Zonguldak B\u00fclent Ecevit \u00dcniversitesi&#8217;nde g\u00f6revli iki akademisyen, sars\u0131nt\u0131 sonras\u0131 binalar\u0131n hasar durumunu ve girilip girilemeyece\u011fini tespit eden &#8216;ak\u0131ll\u0131 hasar tespit sistemi&#8217; geli\u015ftirerek T\u00fcrk Patent ve Marka Kurumu&#8217;ndan tescil ald\u0131. Dosyadaki tespit ve beyanlara g\u00f6re, 11 gen\u00e7 kad\u0131n\u0131n i\u015fe al\u0131nacaklar\u0131 vaadiyle B\u00f6cek&#8217;le birlikte olmaya y\u00f6nlendirildi\u011fi iddia edildi.<\/p>\n<p>NATO\u2019nun Rusya\u2019ya kar\u015f\u0131 sava\u015f\u0131nda b\u00fcy\u00fck bir pazar g\u00f6ren istibdad rejimi buradan pay kapabilmek i\u00e7in NATO\u2019culukta ABD\u2019yi, \u0130ngiltere\u2019yi, Almanya\u2019y\u0131 bile sollad\u0131. \u0130\u015f cinayetlerinin ger\u00e7ek y\u00fcz\u00fcn\u00fc ortaya \u00e7\u0131karmak i\u00e7in m\u00fccadele eden \u0130\u015f\u00e7i Sa\u011fl\u0131\u011f\u0131 ve \u0130\u015f G\u00fcvenli\u011fi (\u0130S\u0130G) Meclisi i\u015f\u00e7i s\u0131n\u0131f\u0131 i\u00e7in vazge\u00e7ilmez \u00f6nemde \u00e7al\u0131\u015fmalar yap\u0131yor. A\u00e7\u0131k alanda \u00e7al\u0131\u015fan i\u015f\u00e7iler \u00f6zellikle tehlike alt\u0131ndalar. Otoyollar\u0131 kapatarak kongreyi ablukaya alan kitleler, fa\u015fizme kar\u015f\u0131  m\u00fccadelenin sokakta kitlesel eylemle kazan\u0131laca\u011f\u0131n\u0131 g\u00f6sterdi. Kald\u0131 ki bug\u00fcn halihaz\u0131rda T\u00fcrkiye\u2019nin K\u00fcrt illeri, Bat\u0131 Asya \u00e7ap\u0131nda silahlar\u0131n patlamad\u0131\u011f\u0131 istisnai bir b\u00f6lgedir.<\/p>\n","protected":false},"excerpt":{"rendered":"<p>Dizi; a\u015fk\u0131n yaln\u0131zca iki insan aras\u0131nda de\u011fil, aileler, gelenekler ve ku\u015faklar aras\u0131nda da s\u0131nand\u0131\u011f\u0131n\u0131 s\u0131cak, e\u011flenceli ve duygusal bir dille anlat\u0131yor. Geleneksel aile ba\u011flar\u0131 ile modern hayat\u0131n \u00e7at\u0131\u015fmalar\u0131n\u0131 ve sars\u0131c\u0131 a\u015fk dinamiklerini merkezine alan yap\u0131m, ilk b\u00f6l\u00fcm\u00fcyle birlikte dikkat \u00e7ekmeyi ba\u015far\u0131yor. Son dakika haberine g\u00f6re, \u00c7al\u0131\u015fma ve Sosyal G\u00fcvenlik Bakan\u0131 Vedat Bilgin, bakanl\u0131k taraf\u0131ndan yetkilendirilen [&hellip;]<\/p>\n","protected":false},"author":1,"featured_media":0,"comment_status":"closed","ping_status":"open","sticky":false,"template":"","format":"standard","meta":{"_joinchat":[],"footnotes":""},"categories":[81],"tags":[],"class_list":["post-140230","post","type-post","status-publish","format-standard","hentry","category-uncategorized-en-us"],"_links":{"self":[{"href":"https:\/\/unitehearts.in\/matrimony\/wp-json\/wp\/v2\/posts\/140230","targetHints":{"allow":["GET"]}}],"collection":[{"href":"https:\/\/unitehearts.in\/matrimony\/wp-json\/wp\/v2\/posts"}],"about":[{"href":"https:\/\/unitehearts.in\/matrimony\/wp-json\/wp\/v2\/types\/post"}],"author":[{"embeddable":true,"href":"https:\/\/unitehearts.in\/matrimony\/wp-json\/wp\/v2\/users\/1"}],"replies":[{"embeddable":true,"href":"https:\/\/unitehearts.in\/matrimony\/wp-json\/wp\/v2\/comments?post=140230"}],"version-history":[{"count":1,"href":"https:\/\/unitehearts.in\/matrimony\/wp-json\/wp\/v2\/posts\/140230\/revisions"}],"predecessor-version":[{"id":140231,"href":"https:\/\/unitehearts.in\/matrimony\/wp-json\/wp\/v2\/posts\/140230\/revisions\/140231"}],"wp:attachment":[{"href":"https:\/\/unitehearts.in\/matrimony\/wp-json\/wp\/v2\/media?parent=140230"}],"wp:term":[{"taxonomy":"category","embeddable":true,"href":"https:\/\/unitehearts.in\/matrimony\/wp-json\/wp\/v2\/categories?post=140230"},{"taxonomy":"post_tag","embeddable":true,"href":"https:\/\/unitehearts.in\/matrimony\/wp-json\/wp\/v2\/tags?post=140230"}],"curies":[{"name":"wp","href":"https:\/\/api.w.org\/{rel}","templated":true}]}}